{"id":3814,"date":"2026-09-03T12:13:02","date_gmt":"2026-09-03T10:13:02","guid":{"rendered":"https:\/\/www.sior.pl\/?p=3814"},"modified":"2026-09-03T12:14:25","modified_gmt":"2026-09-03T10:14:25","slug":"zmarl-kazimierz-drela","status":"publish","type":"post","link":"https:\/\/www.sior.pl\/?p=3814","title":{"rendered":"Zmar\u0142 Kazimierz Drela"},"content":{"rendered":"\n<p class=\"wp-block-paragraph\" style=\"font-size:28px\"><strong>Z g\u0142\u0119bokim smutkiem i \u017calem zawiadamiamy, \u017ce w dniu 02\/09\/2026 odszed\u0142 od nas Pan Kazimierz Drela<\/strong>.<\/p>\n\n\n\n<div class=\"wp-block-media-text is-stacked-on-mobile\" style=\"grid-template-columns:28% auto\"><figure class=\"wp-block-media-text__media\"><img loading=\"lazy\" decoding=\"async\" width=\"346\" height=\"461\" src=\"https:\/\/www.sior.pl\/wp-content\/uploads\/2026\/09\/G_Wieliczka2017_25.jpg\" alt=\"\" class=\"wp-image-3816 size-full\" srcset=\"https:\/\/www.sior.pl\/wp-content\/uploads\/2026\/09\/G_Wieliczka2017_25.jpg 346w, https:\/\/www.sior.pl\/wp-content\/uploads\/2026\/09\/G_Wieliczka2017_25-225x300.jpg 225w\" sizes=\"auto, (max-width: 346px) 100vw, 346px\" \/><\/figure><div class=\"wp-block-media-text__content\">\n<p class=\"wp-block-paragraph\">Pan Kazimierz towarzyszy\u0142 nam ju\u017c od czerwca 2002 roku. <\/p>\n\n\n\n<p class=\"wp-block-paragraph\">Wielokrotnie uczestniczy\u0142 jako prelegent i sponsor w konferencjach organizowanych przez Stowarzyszenie jako przedstawiciel firmy BIKER Sp. z o.o. zajmuj\u0105c\u0105 si\u0119 obrotem \u017ar\u00f3d\u0142ami promieniotw\u00f3rczymi. <\/p>\n\n\n\n<p class=\"wp-block-paragraph\">Jego wyst\u0105pie\u0144 mogli\u015bmy wys\u0142ucha\u0107 w Kielcach, Warszawie czy Skorz\u0119cinie.<\/p>\n\n\n\n<p class=\"wp-block-paragraph\">Kazimierz Drela by\u0142 r\u00f3wnie\u017c wieloletnim cz\u0142onkiem komisji rewizyjnej naszego stowarzyszenia.<\/p>\n\n\n\n<p class=\"wp-block-paragraph\">B\u0119dzie nam brakowa\u0142o Jego obecno\u015bci w\u015br\u00f3d nas.<\/p>\n<\/div><\/div>\n\n\n\n<p class=\"wp-block-paragraph\"><\/p>\n\n\n\n<p class=\"wp-block-paragraph\"><\/p>\n","protected":false},"excerpt":{"rendered":"<p>Z g\u0142\u0119bokim smutkiem i \u017calem zawiadamiamy, \u017ce w dniu 02\/09\/2026 odszed\u0142 od nas Pan Kazimierz Drela. Pan Kazimierz towarzyszy\u0142 nam ju\u017c od czerwca 2002 roku. Wielokrotnie uczestniczy\u0142 jako prelegent i sponsor w konferencjach organizowanych przez Stowarzyszenie jako przedstawiciel firmy BIKER Sp. z o.o. zajmuj\u0105c\u0105 si\u0119 obrotem \u017ar\u00f3d\u0142ami promieniotw\u00f3rczymi. Jego wyst\u0105pie\u0144 mogli\u015bmy wys\u0142ucha\u0107 w Kielcach, Warszawie czy Skorz\u0119cinie. Kazimierz Drela by\u0142 r\u00f3wnie\u017c wieloletnim cz\u0142onkiem komisji rewizyjnej naszego stowarzyszenia. B\u0119dzie nam brakowa\u0142o Jego obecno\u015bci w\u015br\u00f3d nas.<\/p>\n","protected":false},"author":2,"featured_media":3824,"comment_status":"closed","ping_status":"closed","sticky":false,"template":"","format":"standard","meta":{"footnotes":""},"categories":[4],"tags":[],"class_list":["post-3814","post","type-post","status-publish","format-standard","has-post-thumbnail","hentry","category-news","post-has-thumbnail"],"_links":{"self":[{"href":"https:\/\/www.sior.pl\/index.php?rest_route=\/wp\/v2\/posts\/3814","targetHints":{"allow":["GET"]}}],"collection":[{"href":"https:\/\/www.sior.pl\/index.php?rest_route=\/wp\/v2\/posts"}],"about":[{"href":"https:\/\/www.sior.pl\/index.php?rest_route=\/wp\/v2\/types\/post"}],"author":[{"embeddable":true,"href":"https:\/\/www.sior.pl\/index.php?rest_route=\/wp\/v2\/users\/2"}],"replies":[{"embeddable":true,"href":"https:\/\/www.sior.pl\/index.php?rest_route=%2Fwp%2Fv2%2Fcomments&post=3814"}],"version-history":[{"count":7,"href":"https:\/\/www.sior.pl\/index.php?rest_route=\/wp\/v2\/posts\/3814\/revisions"}],"predecessor-version":[{"id":3823,"href":"https:\/\/www.sior.pl\/index.php?rest_route=\/wp\/v2\/posts\/3814\/revisions\/3823"}],"wp:featuredmedia":[{"embeddable":true,"href":"https:\/\/www.sior.pl\/index.php?rest_route=\/wp\/v2\/media\/3824"}],"wp:attachment":[{"href":"https:\/\/www.sior.pl\/index.php?rest_route=%2Fwp%2Fv2%2Fmedia&parent=3814"}],"wp:term":[{"taxonomy":"category","embeddable":true,"href":"https:\/\/www.sior.pl\/index.php?rest_route=%2Fwp%2Fv2%2Fcategories&post=3814"},{"taxonomy":"post_tag","embeddable":true,"href":"https:\/\/www.sior.pl\/index.php?rest_route=%2Fwp%2Fv2%2Ftags&post=3814"}],"curies":[{"name":"wp","href":"https:\/\/api.w.org\/{rel}","templated":true}]}}