{"id":3680,"date":"2026-04-30T16:59:54","date_gmt":"2026-04-30T14:59:54","guid":{"rendered":"https:\/\/www.sior.pl\/?p=3680"},"modified":"2026-04-30T16:59:54","modified_gmt":"2026-04-30T14:59:54","slug":"prelegenci-konferencji-sior-2026","status":"publish","type":"post","link":"https:\/\/www.sior.pl\/?p=3680","title":{"rendered":"Prelegenci Konferencji SIOR 2026"},"content":{"rendered":"\n<p><\/p>\n\n\n\n<p class=\"has-text-align-center\" style=\"font-size:31px\">Szanowni Pa\u0144stwo!<\/p>\n\n\n\n<p class=\"has-text-align-center\" style=\"font-size:31px\">Przedstawiamy prelegent\u00f3w tegorocznej konferencji! Poni\u017csza lista b\u0119dzie regularnie aktualizowana:<\/p>\n\n\n\n<ul class=\"wp-block-list has-small-font-size\">\n<li><strong>Dr in\u017c. Wojciech G\u0142uszewski,<\/strong> Instytut Chemii i Techniki J\u0105drowej &#8211; Polskie do\u015bwiadczenia w przemys\u0142owym wykorzystaniu radiacyjnych technologii<\/li>\n\n\n\n<li><strong>Dr in\u017c. Agnieszka Szumska<\/strong>, Instytut Fizyki J\u0105drowej PAN &#8211; Model LNT w ochronie radiologicznej: mi\u0119dzy konserwatyzmem regulacyjnym a rewizj\u0105 podej\u015bcia do niskich dawek w USA<\/li>\n\n\n\n<li><strong>Prof. IMP dr hab. Joanna Domienik-Andrzejewska<\/strong>, Instytut Medycyny Pracy w \u0141odzi &#8211; Optymalizacja ekspozycji w kardiologii interwencyjnej: od zasady ALARA do praktycznych narz\u0119dzi. <\/li>\n\n\n\n<li><strong>Kamil Gramacki<\/strong>, Narodowe Centrum Bada\u0144 J\u0105drowych O\u015brodek Radioizotop\u00f3w POLATOM &#8211; Rutyna a ska\u017cenia promieniotw\u00f3rcze \u2013 \u015bwiadomo\u015b\u0107 zagro\u017ce\u0144 i kultura bezpiecze\u0144stwa radiologicznego w praktyce. <\/li>\n<\/ul>\n\n\n\n<p><\/p>\n\n\n\n<div class=\"wp-block-columns is-not-stacked-on-mobile is-layout-flex wp-container-core-columns-is-layout-9d6595d7 wp-block-columns-is-layout-flex\">\n<div class=\"wp-block-column is-layout-flow wp-block-column-is-layout-flow\">\n<figure class=\"wp-block-image size-large\"><img loading=\"lazy\" decoding=\"async\" width=\"819\" height=\"1024\" src=\"https:\/\/www.sior.pl\/wp-content\/uploads\/2026\/04\/prelegenci-post-I-1-819x1024.jpg\" alt=\"\" class=\"wp-image-3682\" srcset=\"https:\/\/www.sior.pl\/wp-content\/uploads\/2026\/04\/prelegenci-post-I-1-819x1024.jpg 819w, https:\/\/www.sior.pl\/wp-content\/uploads\/2026\/04\/prelegenci-post-I-1-240x300.jpg 240w, https:\/\/www.sior.pl\/wp-content\/uploads\/2026\/04\/prelegenci-post-I-1-768x960.jpg 768w, https:\/\/www.sior.pl\/wp-content\/uploads\/2026\/04\/prelegenci-post-I-1.jpg 1080w\" sizes=\"auto, (max-width: 819px) 100vw, 819px\" \/><\/figure>\n<\/div>\n\n\n\n<div class=\"wp-block-column is-layout-flow wp-block-column-is-layout-flow\">\n<figure class=\"wp-block-image size-large\"><img loading=\"lazy\" decoding=\"async\" width=\"819\" height=\"1024\" src=\"https:\/\/www.sior.pl\/wp-content\/uploads\/2026\/04\/prelegenci-post-II-819x1024.jpg\" alt=\"\" class=\"wp-image-3683\" srcset=\"https:\/\/www.sior.pl\/wp-content\/uploads\/2026\/04\/prelegenci-post-II-819x1024.jpg 819w, https:\/\/www.sior.pl\/wp-content\/uploads\/2026\/04\/prelegenci-post-II-240x300.jpg 240w, https:\/\/www.sior.pl\/wp-content\/uploads\/2026\/04\/prelegenci-post-II-768x960.jpg 768w, https:\/\/www.sior.pl\/wp-content\/uploads\/2026\/04\/prelegenci-post-II.jpg 1080w\" sizes=\"auto, (max-width: 819px) 100vw, 819px\" \/><\/figure>\n<\/div>\n<\/div>\n\n\n\n<p><\/p>\n","protected":false},"excerpt":{"rendered":"<p>Szanowni Pa\u0144stwo! Przedstawiamy prelegent\u00f3w tegorocznej konferencji! Poni\u017csza lista b\u0119dzie regularnie aktualizowana:<\/p>\n","protected":false},"author":2,"featured_media":3684,"comment_status":"closed","ping_status":"closed","sticky":false,"template":"","format":"standard","meta":{"footnotes":""},"categories":[4],"tags":[],"class_list":["post-3680","post","type-post","status-publish","format-standard","has-post-thumbnail","hentry","category-news","post-has-thumbnail"],"_links":{"self":[{"href":"https:\/\/www.sior.pl\/index.php?rest_route=\/wp\/v2\/posts\/3680","targetHints":{"allow":["GET"]}}],"collection":[{"href":"https:\/\/www.sior.pl\/index.php?rest_route=\/wp\/v2\/posts"}],"about":[{"href":"https:\/\/www.sior.pl\/index.php?rest_route=\/wp\/v2\/types\/post"}],"author":[{"embeddable":true,"href":"https:\/\/www.sior.pl\/index.php?rest_route=\/wp\/v2\/users\/2"}],"replies":[{"embeddable":true,"href":"https:\/\/www.sior.pl\/index.php?rest_route=%2Fwp%2Fv2%2Fcomments&post=3680"}],"version-history":[{"count":7,"href":"https:\/\/www.sior.pl\/index.php?rest_route=\/wp\/v2\/posts\/3680\/revisions"}],"predecessor-version":[{"id":3691,"href":"https:\/\/www.sior.pl\/index.php?rest_route=\/wp\/v2\/posts\/3680\/revisions\/3691"}],"wp:featuredmedia":[{"embeddable":true,"href":"https:\/\/www.sior.pl\/index.php?rest_route=\/wp\/v2\/media\/3684"}],"wp:attachment":[{"href":"https:\/\/www.sior.pl\/index.php?rest_route=%2Fwp%2Fv2%2Fmedia&parent=3680"}],"wp:term":[{"taxonomy":"category","embeddable":true,"href":"https:\/\/www.sior.pl\/index.php?rest_route=%2Fwp%2Fv2%2Fcategories&post=3680"},{"taxonomy":"post_tag","embeddable":true,"href":"https:\/\/www.sior.pl\/index.php?rest_route=%2Fwp%2Fv2%2Ftags&post=3680"}],"curies":[{"name":"wp","href":"https:\/\/api.w.org\/{rel}","templated":true}]}}