{"id":3485,"date":"2025-04-02T12:06:56","date_gmt":"2025-04-02T10:06:56","guid":{"rendered":"https:\/\/www.sior.pl\/?p=3485"},"modified":"2025-04-22T11:32:00","modified_gmt":"2025-04-22T09:32:00","slug":"zaproszenie-do-udzialu-w-konferencji","status":"publish","type":"post","link":"https:\/\/www.sior.pl\/?p=3485","title":{"rendered":"Zaproszenie do udzia\u0142u w konferencji"},"content":{"rendered":"\n<p>Szanowni Pa\u0144stwo &#8211; cz\u0142onkowie SIOR,<\/p>\n\n\n\n<p>Zarz\u0105d Stowarzyszenia zaprasza Pa\u0144stwa do wzi\u0119cia udzia\u0142u w Konferencji \u201e<em>Od Marii Goeppert \u2013 Mayer do wsp\u00f3\u0142czesnej atomistyki: ochrona radiologiczna w energetyce j\u0105drowej, przemy\u015ble i medycynie<\/em>\u201d, jaka odb\u0119dzie si\u0119 w dniach 11-13 czerwca 2025 r. w siedzibie G\u0142\u00f3wnego Instytutu G\u00f3rnictwa \u2013 Pa\u0144stwowego Instytutu Badawczego w &nbsp;Katowicach przy Placu Gwark\u00f3w 1.<\/p>\n\n\n\n<p>Tradycyjnie, jak co roku w ramach Konferencji odb\u0119dzie si\u0119 r\u00f3wnie\u017c w dniu 11 czerwca Walne Zebranie Cz\u0142onk\u00f3w Stowarzyszenia o charakterze sprawozdawczo-wyborczym, na kt\u00f3rym planowane s\u0105 r\u00f3wnie\u017c wybory uzupe\u0142niaj\u0105ce do Zarz\u0105du. Odr\u0119bnie zostanie przes\u0142ane do Pa\u0144stwa zawiadomienie o Walnym Zebraniu ze szczeg\u00f3\u0142owym porz\u0105dkiem obrad. Liczymy na Pa\u0144stwa osobisty liczny udzia\u0142.<\/p>\n\n\n\n<p>Osoby zainteresowane uczestnictwem w Konferencji oraz Walnym Zebraniu Cz\u0142onk\u00f3w Stowarzyszenia prosimy o niezw\u0142oczne wype\u0142nienie tre\u015bci formularza zamieszczonego na stronie <a href=\"http:\/\/www.SIOR.pl\/\">www.sior.pl<\/a> oraz o przes\u0142anie go na adres mailowy: <a href=\"mailto:karawluk@gmail.com\">karawluk@gmail.com<\/a>. w terminie do 30.04.2025 r.<\/p>\n\n\n\n<p>Do zobaczenia w Katowicach.<br>W imieniu Zarz\u0105du<br><em>Maria Kubicka Prezes<\/em><\/p>\n\n\n\n<p><\/p>\n\n\n\n<p><a href=\".\/wp-content\/uploads\/2025\/04\/KnferencjaSIOR_2025_Infornator.pdf\">Formularz zg\u0142oszeniowy<\/a><\/p>\n\n\n\n<p><\/p>\n\n\n<div class=\"su-note\"  style=\"border-color:#4eb135;border-radius:3px;-moz-border-radius:3px;-webkit-border-radius:3px;\"><div class=\"su-note-inner su-u-clearfix su-u-trim\" style=\"background-color:#68cb4f;border-color:#ffffff;color:#333333;border-radius:3px;-moz-border-radius:3px;-webkit-border-radius:3px;\">Osoby b\u0119d\u0105ce na diecie bezmi\u0119snej proszone s\u0105 o przekazanie tej informacji na adres: karawluk@gmail.com w celu dostosowania menu restauracji do ich potrzeb<\/div><\/div>\n\n\n\n<p><\/p>\n\n\n\n<p><\/p>\n","protected":false},"excerpt":{"rendered":"<p>Szanowni Pa\u0144stwo &#8211; cz\u0142onkowie SIOR, Zarz\u0105d Stowarzyszenia zaprasza Pa\u0144stwa do wzi\u0119cia udzia\u0142u w Konferencji \u201eOd Marii Goeppert \u2013 Mayer do wsp\u00f3\u0142czesnej atomistyki: ochrona radiologiczna w energetyce j\u0105drowej, przemy\u015ble i medycynie\u201d, jaka odb\u0119dzie si\u0119 w dniach 11-13 czerwca 2025 r. w siedzibie G\u0142\u00f3wnego Instytutu G\u00f3rnictwa \u2013 Pa\u0144stwowego Instytutu Badawczego w &nbsp;Katowicach przy Placu Gwark\u00f3w 1. Tradycyjnie, jak co roku w ramach Konferencji odb\u0119dzie si\u0119 r\u00f3wnie\u017c w dniu 11 czerwca Walne Zebranie Cz\u0142onk\u00f3w Stowarzyszenia o charakterze sprawozdawczo-wyborczym, na kt\u00f3rym planowane s\u0105 r\u00f3wnie\u017c&hellip;<\/p>\n","protected":false},"author":1,"featured_media":926,"comment_status":"closed","ping_status":"closed","sticky":false,"template":"","format":"standard","meta":{"footnotes":""},"categories":[6,4],"tags":[],"class_list":["post-3485","post","type-post","status-publish","format-standard","has-post-thumbnail","hentry","category-articles","category-news","post-has-thumbnail"],"_links":{"self":[{"href":"https:\/\/www.sior.pl\/index.php?rest_route=\/wp\/v2\/posts\/3485","targetHints":{"allow":["GET"]}}],"collection":[{"href":"https:\/\/www.sior.pl\/index.php?rest_route=\/wp\/v2\/posts"}],"about":[{"href":"https:\/\/www.sior.pl\/index.php?rest_route=\/wp\/v2\/types\/post"}],"author":[{"embeddable":true,"href":"https:\/\/www.sior.pl\/index.php?rest_route=\/wp\/v2\/users\/1"}],"replies":[{"embeddable":true,"href":"https:\/\/www.sior.pl\/index.php?rest_route=%2Fwp%2Fv2%2Fcomments&post=3485"}],"version-history":[{"count":6,"href":"https:\/\/www.sior.pl\/index.php?rest_route=\/wp\/v2\/posts\/3485\/revisions"}],"predecessor-version":[{"id":3495,"href":"https:\/\/www.sior.pl\/index.php?rest_route=\/wp\/v2\/posts\/3485\/revisions\/3495"}],"wp:featuredmedia":[{"embeddable":true,"href":"https:\/\/www.sior.pl\/index.php?rest_route=\/wp\/v2\/media\/926"}],"wp:attachment":[{"href":"https:\/\/www.sior.pl\/index.php?rest_route=%2Fwp%2Fv2%2Fmedia&parent=3485"}],"wp:term":[{"taxonomy":"category","embeddable":true,"href":"https:\/\/www.sior.pl\/index.php?rest_route=%2Fwp%2Fv2%2Fcategories&post=3485"},{"taxonomy":"post_tag","embeddable":true,"href":"https:\/\/www.sior.pl\/index.php?rest_route=%2Fwp%2Fv2%2Ftags&post=3485"}],"curies":[{"name":"wp","href":"https:\/\/api.w.org\/{rel}","templated":true}]}}