{"id":2566,"date":"2018-12-20T10:59:44","date_gmt":"2018-12-20T09:59:44","guid":{"rendered":"https:\/\/www.sior.pl\/?p=2566"},"modified":"2019-08-06T14:16:40","modified_gmt":"2019-08-06T12:16:40","slug":"ii-miedzynarodowa-konferencja-ochrony-radiologicznej-cerna-hora","status":"publish","type":"post","link":"https:\/\/www.sior.pl\/?p=2566","title":{"rendered":"II Mi\u0119dzynarodowa Konferencja Ochrony Radiologicznej Cerna Hora 29.05 &#8211; 01.06.2019 (Aktualizacja 29.05.2019)"},"content":{"rendered":"\n<p><\/p>\n\n\n<div class=\"su-table su-table-alternate\">\n<table style=\"height: 127px\" width=\"580\">\n<tbody>\n<tr>\n<td>\n<p style=\"text-align: center\"><span style=\"color: #ff0000\">Adres hotelu<br><\/span><\/p>\n<p>HOTEL SLADOVNA <br><span class=\"st\"><em>n\u00e1m<\/em>. U Pivovaru 3\/5, <em>\u010cern\u00e1 Hora<\/em><\/span><\/p><\/td>\n<\/tr>\n<\/tbody>\n<\/table>\n<\/div>\n<div class=\"su-table su-table-alternate\">\n<table>\n<tbody>\n<tr>\n<td>\n<p style=\"text-align: center\"><span style=\"color: #ff0000\">Odjazdy autobus\u00f3w <\/span><\/p>\n<p>1. Z Warszawy &#8211; wyjazd godz 8.30 &#8211; parking autokarowy przy Pa\u0142acu Kultury, ul. Marsza\u0142kowska (autobus b\u0119dzie oznakowany &#8211; CERNA HORA)<\/p>\n<p>Kontakt z kierowc\u0105 \u0141ukasz Pruszkowski tel. 508 300499 <br>lub Pan Janusz Barczyk tel. 600 030 422<\/p>\n<p>2. Z Poznania &#8211; wyjazd godz 9.00. &#8211; Dworzec Letni, ul. Dworcowa<br>&#8211; przystanek we Wroc\u0142awiu &#8211; godz 11:00 &#8211; Bielany Wroc\u0142awskie, Castorama, ul. MC Millana<\/p>\n<p>Kontakt z Pani\u0105 Ani\u0105 Kaczmarek tel. 504 619 612<\/p>\n<\/td>\n<\/tr>\n<\/tbody>\n<\/table>\n<\/div>\n<p><\/p>\n<p>Zapraszamy na II Mi\u0119dzynarodow\u0105 Konferencj\u0119 w Cernej Horze, w Hotelu Sladowna w Czechach. Konferencja<br>organizowana jest wsp\u00f3lnie z firm\u0105 VF.<!--more--><\/p>\n<p>Tematyka I Mi\u0119dzynarodowej Konferencji, kt\u00f3ra odby\u0142a si\u0119 w 2013r. obejmowa\u0142a przepisy prawne, dozymetri\u0119 i monitoring wok\u00f3\u0142 elektrowni j\u0105drowych, medycyn\u0119 nuklearn\u0105 w&nbsp; aspekcie ochrony radiologicznej, zastosowania przemys\u0142owe promieniowania jonizuj\u0105cego oraz wynikaj\u0105ce z nich zagro\u017cenia ww dziedzinach.<\/p>\n<p>Tematy uj\u0119te w programie II konferencji w 2019r. skupi\u0105 si\u0119 na zagadnieniach zwi\u0105zanych z zastosowaniem promieniowania jonizuj\u0105cego w medycynie, przemy\u015ble i badaniach naukowych Mamy nadziej\u0119, \u017ce cykliczno\u015b\u0107, r\u00f3\u017cnorodna tematyka i frekwencja, jaka towarzyszy tym wydarzeniom sprawi, \u017ce ponownie b\u0119dziemy we wsp\u00f3lnym gronie uczestniczy\u0107 w cz\u0119\u015bci wyk\u0142adowej i dyskusjach.<\/p>\n<p><em>Zarz\u0105d Stowarzyszenia Inspektor\u00f3w Ochrony Radiologicznej<\/em><\/p>\n<p><a href=\"https:\/\/www.sior.pl\/wp-content\/uploads\/2018\/12\/pozvanka_K02c.pdf\">Zaproszenie<\/a><br><a href=\".\/wp-content\/uploads\/2019\/04\/Zgloszenie_CernaHora2018.pdf\">Formularz zg\u0142oszeniowy<\/a><br><a href=\".\/dokumenty\/formularze\/Zgoda_uczestnika_SIOR_konferencje.pdf\">Zgoda oraz klauzula obowi\u0105zku informacyjnego<\/a><br><a href=\".\/wp-content\/uploads\/2019\/03\/O\u015bwiadczenie-o-p\u0142atno\u015bci-Zak\u0142ady-Pracy-2019.doc\">O\u015bwiadczenie o finansowaniu ze \u015brodk\u00f3w publicznych<\/a><\/p>\n<p><a href=\".\/wp-content\/uploads\/2019\/04\/Program-CernaHora-2019.pdf\">Program konferencji<\/a><\/p>\n\n\n<p><\/p>\n","protected":false},"excerpt":{"rendered":"<p>Zapraszamy na II Mi\u0119dzynarodow\u0105 Konferencj\u0119 w Cernej Horze, w Hotelu Sladowna w Czechach. Konferencjaorganizowana jest wsp\u00f3lnie z firm\u0105 VF.<\/p>\n","protected":false},"author":1,"featured_media":925,"comment_status":"closed","ping_status":"closed","sticky":false,"template":"","format":"standard","meta":{"footnotes":""},"categories":[7],"tags":[],"class_list":["post-2566","post","type-post","status-publish","format-standard","has-post-thumbnail","hentry","category-archiwum","post-has-thumbnail"],"_links":{"self":[{"href":"https:\/\/www.sior.pl\/index.php?rest_route=\/wp\/v2\/posts\/2566","targetHints":{"allow":["GET"]}}],"collection":[{"href":"https:\/\/www.sior.pl\/index.php?rest_route=\/wp\/v2\/posts"}],"about":[{"href":"https:\/\/www.sior.pl\/index.php?rest_route=\/wp\/v2\/types\/post"}],"author":[{"embeddable":true,"href":"https:\/\/www.sior.pl\/index.php?rest_route=\/wp\/v2\/users\/1"}],"replies":[{"embeddable":true,"href":"https:\/\/www.sior.pl\/index.php?rest_route=%2Fwp%2Fv2%2Fcomments&post=2566"}],"version-history":[{"count":33,"href":"https:\/\/www.sior.pl\/index.php?rest_route=\/wp\/v2\/posts\/2566\/revisions"}],"predecessor-version":[{"id":2827,"href":"https:\/\/www.sior.pl\/index.php?rest_route=\/wp\/v2\/posts\/2566\/revisions\/2827"}],"wp:featuredmedia":[{"embeddable":true,"href":"https:\/\/www.sior.pl\/index.php?rest_route=\/wp\/v2\/media\/925"}],"wp:attachment":[{"href":"https:\/\/www.sior.pl\/index.php?rest_route=%2Fwp%2Fv2%2Fmedia&parent=2566"}],"wp:term":[{"taxonomy":"category","embeddable":true,"href":"https:\/\/www.sior.pl\/index.php?rest_route=%2Fwp%2Fv2%2Fcategories&post=2566"},{"taxonomy":"post_tag","embeddable":true,"href":"https:\/\/www.sior.pl\/index.php?rest_route=%2Fwp%2Fv2%2Ftags&post=2566"}],"curies":[{"name":"wp","href":"https:\/\/api.w.org\/{rel}","templated":true}]}}