{"id":2162,"date":"2018-03-01T09:26:32","date_gmt":"2018-03-01T08:26:32","guid":{"rendered":"http:\/\/www.sior.pl\/?p=2162"},"modified":"2018-03-05T09:13:35","modified_gmt":"2018-03-05T08:13:35","slug":"medycyna-protonowa-w-poznaniu","status":"publish","type":"post","link":"https:\/\/www.sior.pl\/?p=2162","title":{"rendered":"Medycyna protonowa w Poznaniu"},"content":{"rendered":"<p>W Wielkopolskim Centrum Onkologii w Poznaniu 26 stycznia br. odby\u0142o si\u0119 spotkanie z przedstawicielami blisko 30 organizacji i stowarzysze\u0144 pacjent\u00f3w. Debacie pacjenckiej przewodniczy\u0142 prof. Julian Malicki, Dyrektor WCO. W powitalnym wyst\u0105pieniu podkre\u015bli\u0142 \u017ce \u201eTo dla nas niezwykle wa\u017cne, \u017ce otrzymujemy od Pa\u0144stwa wsparcie i s\u0142uchamy Pa\u0144stwa opinii, gdy\u017c \u015brodowisko pacjent\u00f3w jest dla nas najwa\u017cniejsze\u201d<br \/>\nB. Ulatowska ze Stowarzyszenia Pacjent\u00f3w Leczonych Radioterapi\u0105, m\u00f3wi\u0142a o budowie O\u015brodka Radioterapii w Pile \u201e Planowany przez Ministra Zdrowia konkurs na doposa\u017cenie radioterapii na 2018 rok powinien umo\u017cliwia\u0107 nie tylko wymian\u0119 starych na nowe akcelerator\u00f3w ale tak\u017ce uzupe\u0142nienie aparat\u00f3w w nowo wybudowanych bunkrach, kt\u00f3re zosta\u0142y umieszczone na mapie potrzeb zdrowotnych opracowanej przez Ministra Zdrowia (przyk\u0142adem jest tu Pi\u0142a)\u201d.<br \/>\nProf. Maria Litwiniuk m\u00f3wi\u0105c o \u201eBreast Unit\u201d zaznaczy\u0142a, \u017ce idea powstania wyspecjalizowanych jednostek narz\u0105dowych powsta\u0142a w efekcie stara\u0144 pacjent\u00f3w: \u201eChcemy zapewnia\u0107 chorym odpowiedni standard leczenia wraz z dba\u0142o\u015bci\u0105 o komfort leczenia&#8221;.<br \/>\nProtonoterapia stanowi\u0142a jeden temat\u00f3w spotkania, to innowacyjna forma radioterapii. Grupa ekspert\u00f3w z dziedziny onkologii i innowacji opracowa\u0142a pod kierunkeim prof. Juliana Mlickiego Raport \u201eStrategia rozwoju protonoterapii w Polsce\u201d. Organizacje pacjent\u00f3w wyrazi\u0142y pe\u0142ne poparcie przedstawionych w Raporcie wniosk\u00f3w i rekomendacji wspieraj\u0105c budow\u0119 O\u015brodka Protonoterapii w Poznaniu.<\/p>\n<p style=\"text-align: center;\">*<\/p>\n<p>Dyrektor WCO podzieli\u0142 si\u0119 tak\u017ce pomys\u0142em powo\u0142ania w Wielkopolskim Centrum Onkologii o\u015brodka informacji skierowanej do pacjent\u00f3w odwiedzaj\u0105cych szpital po raz pierwszy. Chodzi o prowadzenie pacjenta, kt\u00f3ry w du\u017cym o\u015brodku szpitalnym czuje si\u0119 obco i cz\u0119sto zagubiony. Informator WCO mia\u0142by sprawowa\u0107 opiek\u0119 nad tym pacjentem od chwili przekroczenia progu plac\u00f3wki do kontaktu z w\u0142a\u015bciw\u0105 poradni\u0105 i lekarzem. Przedstawiciele organizacji pacjenckich uznali ten pomys\u0142 za niezwykle po\u017cyteczny w sytuacji, gdy pacjenci cz\u0119sto czuj\u0105 si\u0119 bezradni w wielkim molochu, jakim jest szpital o randze wojew\u00f3dzkiej.<\/p>\n<p>Prof. Julian Malicki: <em>Drugi o\u015brodek protonoterapii jest niezb\u0119dny<\/em><\/p>\n<p>Autorzy raportu \u201eStrategia rozwoju protonoterapii w Polsce\u201d postuluj\u0105, aby powsta\u0142 drugi o\u015brodek protonoterapii i sugeruj\u0105, \u017ceby ta inwestycja mia\u0142a miejsce w Poznaniu. Niekt\u00f3rzy eksperci wyra\u017caj\u0105 co do tego projektu pewne w\u0105tpiliwo\u015bci. Co na to Julian Malicki, dyrektor WCO?<\/p>\n<p>Czy uwa\u017ca pan, \u017ce w Polsce potrzebny jest drugi o\u015brodek wykorzystuj\u0105cy w\u00a0leczeniu protonoterapi\u0119?<\/p>\n<p>Tak. Drugi o\u015brodek protonoterapii jest niezb\u0119dny. Potwierdzaj\u0105 to dane. Przy obecnej zachorowalno\u015bci na nowotwory oraz bie\u017c\u0105cej wiedzy medycznej do leczenia t\u0105 metod\u0105 kwalifikuje si\u0119 rocznie w Polsce oko\u0142o dw\u00f3ch tysi\u0119cy pacjent\u00f3w. Liczba ta ponad trzykrotnie przekracza mo\u017cliwo\u015bci funkcjonuj\u0105cego obecnie, jedynego o\u015brodka.<br \/>\nZ uwagi na liczb\u0119 pacjent\u00f3w jedna plac\u00f3wka \u015bwiadcz\u0105ca us\u0142ugi z zakresu protonoterapii nie b\u0119dzie w stanie zaspokoi\u0107 potrzeb wszystkich chorych. W efekcie polscy pacjenci cz\u0119sto szukaj\u0105 mo\u017cliwo\u015bci leczenia poza granicami kraju.<br \/>\nWyb\u00f3r Poznania na lokalizacj\u0119 o\u015brodka nie jest przypadkowy. To usytuowane w zachodniej Polsce miasto zapewnia dobre po\u0142\u0105czenia komunikacyjne dla miesza\u0144c\u00f3w kilku wojew\u00f3dztw, kt\u00f3rych liczba przekracza 10 mln. Warto podkre\u015bli\u0107, \u017ce projekt INPRONKO, zak\u0142adaj\u0105cy budow\u0119 o\u015brodka protonoterapii w Poznaniu, to konsorcjum 19 instytucji \u2013 uniwersytet\u00f3w, samorz\u0105d\u00f3w i o\u015brodk\u00f3w onkologicznych z pi\u0119ciu wojew\u00f3dztw zachodniej Polski.<br \/>\nDo konsorcjum do\u0142\u0105czy\u0142o r\u00f3wnie\u017c Narodowe Centrum Bada\u0144 J\u0105drowych w \u015awierku, posiadaj\u0105ce Zak\u0142ad Aparatury J\u0105drowej, co umo\u017cliwia przeniesienie cz\u0119\u015bci wynik\u00f3w bada\u0144 do fazy przemys\u0142owej produkcji.<br \/>\nStowarzyszenia pacjenckie podpisa\u0142y list do ministra, w kt\u00f3rym apeluj\u0105 o utworzenie o\u015brodka protonoterapii w Polsce i wdro\u017cenie projektu INPRONKO. W ramach projektu podpisane zosta\u0142y tak\u017ce listy intencyjne z partnerami. W grudniu ubieg\u0142ego roku odby\u0142o si\u0119 wsp\u00f3lne posiedzenie trzech zespo\u0142\u00f3w parlamentarnych: ds. Zintegrowanego Wielodyscyplinarnego Systemu Profilaktyki, Diagnostyki i Leczenia Chor\u00f3b Nowotworowych w Polsce Zachodniej INPRONKO, ds. Dzieci oraz ds. Praw Pacjent\u00f3w.<br \/>\nPodczas posiedzenia przedstawiono znaczenie protonoterapii w leczeniu onkologicznym, nakre\u015blono kluczowe wyzwania systemowe w tym zakresie, a tak\u017ce wypracowano wsp\u00f3lne stanowisko popieraj\u0105ce utworzenie drugiego w Polsce o\u015brodka radioterapii protonowej w Poznaniu. Projekt INPRONKO by\u0142 przedmiotem zorganizowanej 24 pa\u017adziernika 2017 r. w Poznaniu konferencji \u201eWalczymy z rakiem. Protonoterapia inwestycj\u0105 w zdrowie i nauk\u0119\u201d. Podczas spotkania przeprowadzono rzeteln\u0105 i warto\u015bciow\u0105 dyskusj\u0119 w gronie kluczowych przedstawicieli projektu INPRONKO, decydent\u00f3w, ekspert\u00f3w, a tak\u017ce przedstawicieli \u015brodowiska pacjent\u00f3w. W trakcie tej konferencji projekt uzyska\u0142 poparcie konsultanta krajowego ds. radioterapii onkologicznej prof. Rafa\u0142a Dziadziuszko.<\/p>\n<p>Pad\u0142o pytanie, czy w Poznaniu mog\u0142yby by\u0107 leczone dzieci?<br \/>\nProtonoterapia stanowi metod\u0119 skutecznego leczenia m.in. w\u0142a\u015bnie najm\u0142odszych pacjent\u00f3w \u2013 dzieci. Prowadzenie bezpieczniejszej terapii, zmniejszenie powik\u0142a\u0144 popromiennych oraz ryzyka indukcji wt\u00f3rnych nowotwor\u00f3w, co jest szczeg\u00f3lnie istotne w przypadku dzieci \u2013 to niekt\u00f3re z wielu czynnik\u00f3w przemawiaj\u0105cych na korzy\u015b\u0107 zastosowania protonoterapii w najm\u0142odszej grupie pacjent\u00f3w.<br \/>\nZapewnienie mo\u017cliwo\u015bci leczenia dzieci jest jedn\u0105 z najwa\u017cniejszych przes\u0142anek powstania projektu INPRONKO. Realizacja jego za\u0142o\u017ce\u0144 pozwoli na rzeczywist\u0105 pomoc dzieciom. Jednocze\u015bnie projekt zak\u0142ada leczenie doros\u0142ych. W raporcie pt. \u201eStrategia rozwoju protonoterapii w Polsce\u201d opracowanym przez grup\u0119 ekspert\u00f3w i przy wsp\u00f3\u0142pracy z Narodowym Centrum Bada\u0144 J\u0105drowych zosta\u0142y przedstawione wskazania kliniczne do protonoterapii zar\u00f3wno w przypadku nowotwor\u00f3w doros\u0142ych, jak i dzieci.<br \/>\nDyskusje z udzia\u0142em kluczowych ekspert\u00f3w wykaza\u0142y potrzeb\u0119 realizacji tej inwestycji i w\u0142a\u015bnie w Poznaniu. Teraz pozostaje kwestia przekonania do tego projektu decydent\u00f3w i podj\u0119cie prac w mo\u017cliwie najkr\u00f3tszym terminie.<\/p>\n","protected":false},"excerpt":{"rendered":"<p>W Wielkopolskim Centrum Onkologii w Poznaniu 26 stycznia br. odby\u0142o si\u0119 spotkanie z przedstawicielami blisko 30 organizacji i stowarzysze\u0144 pacjent\u00f3w. Debacie pacjenckiej przewodniczy\u0142 prof. Julian Malicki, Dyrektor WCO. W powitalnym wyst\u0105pieniu podkre\u015bli\u0142 \u017ce \u201eTo dla nas niezwykle wa\u017cne, \u017ce otrzymujemy od Pa\u0144stwa wsparcie i s\u0142uchamy Pa\u0144stwa opinii, gdy\u017c \u015brodowisko pacjent\u00f3w jest dla nas najwa\u017cniejsze\u201d B. Ulatowska ze Stowarzyszenia Pacjent\u00f3w Leczonych Radioterapi\u0105, m\u00f3wi\u0142a o budowie O\u015brodka Radioterapii w Pile \u201e Planowany przez Ministra Zdrowia konkurs na doposa\u017cenie radioterapii na 2018 rok&hellip;<\/p>\n","protected":false},"author":1,"featured_media":2179,"comment_status":"closed","ping_status":"closed","sticky":false,"template":"","format":"standard","meta":{"footnotes":""},"categories":[6],"tags":[],"class_list":["post-2162","post","type-post","status-publish","format-standard","has-post-thumbnail","hentry","category-articles","post-has-thumbnail"],"_links":{"self":[{"href":"https:\/\/www.sior.pl\/index.php?rest_route=\/wp\/v2\/posts\/2162","targetHints":{"allow":["GET"]}}],"collection":[{"href":"https:\/\/www.sior.pl\/index.php?rest_route=\/wp\/v2\/posts"}],"about":[{"href":"https:\/\/www.sior.pl\/index.php?rest_route=\/wp\/v2\/types\/post"}],"author":[{"embeddable":true,"href":"https:\/\/www.sior.pl\/index.php?rest_route=\/wp\/v2\/users\/1"}],"replies":[{"embeddable":true,"href":"https:\/\/www.sior.pl\/index.php?rest_route=%2Fwp%2Fv2%2Fcomments&post=2162"}],"version-history":[{"count":1,"href":"https:\/\/www.sior.pl\/index.php?rest_route=\/wp\/v2\/posts\/2162\/revisions"}],"predecessor-version":[{"id":2163,"href":"https:\/\/www.sior.pl\/index.php?rest_route=\/wp\/v2\/posts\/2162\/revisions\/2163"}],"wp:featuredmedia":[{"embeddable":true,"href":"https:\/\/www.sior.pl\/index.php?rest_route=\/wp\/v2\/media\/2179"}],"wp:attachment":[{"href":"https:\/\/www.sior.pl\/index.php?rest_route=%2Fwp%2Fv2%2Fmedia&parent=2162"}],"wp:term":[{"taxonomy":"category","embeddable":true,"href":"https:\/\/www.sior.pl\/index.php?rest_route=%2Fwp%2Fv2%2Fcategories&post=2162"},{"taxonomy":"post_tag","embeddable":true,"href":"https:\/\/www.sior.pl\/index.php?rest_route=%2Fwp%2Fv2%2Ftags&post=2162"}],"curies":[{"name":"wp","href":"https:\/\/api.w.org\/{rel}","templated":true}]}}